{"id":326,"date":"2024-07-02T21:26:38","date_gmt":"2024-07-02T19:26:38","guid":{"rendered":"http:\/\/www.agp-verneuil.fr\/?p=326"},"modified":"2024-07-02T21:26:38","modified_gmt":"2024-07-02T19:26:38","slug":"compte-rendu-de-lassemblee-generale-extraordinaire-du-20-juin-2024","status":"publish","type":"post","link":"https:\/\/www.agp-verneuil.fr\/index.php\/2024\/07\/02\/compte-rendu-de-lassemblee-generale-extraordinaire-du-20-juin-2024\/","title":{"rendered":"Compte rendu de l&#8217;Assembl\u00e9e G\u00e9n\u00e9rale Extraordinaire du 20 juin 2024"},"content":{"rendered":"\n<div class=\"wp-block-file\"><a href=\"http:\/\/www.agp-verneuil.fr\/wp-content\/uploads\/2024\/07\/AG-du-20-juin-24-1.pdf\" class=\"wp-block-file__button\" download>T\u00e9l\u00e9charger<\/a><\/div>\n","protected":false},"excerpt":{"rendered":"","protected":false},"author":2,"featured_media":0,"comment_status":"closed","ping_status":"","sticky":false,"template":"","format":"standard","meta":[],"categories":[1],"tags":[],"_links":{"self":[{"href":"https:\/\/www.agp-verneuil.fr\/index.php\/wp-json\/wp\/v2\/posts\/326"}],"collection":[{"href":"https:\/\/www.agp-verneuil.fr\/index.php\/wp-json\/wp\/v2\/posts"}],"about":[{"href":"https:\/\/www.agp-verneuil.fr\/index.php\/wp-json\/wp\/v2\/types\/post"}],"author":[{"embeddable":true,"href":"https:\/\/www.agp-verneuil.fr\/index.php\/wp-json\/wp\/v2\/users\/2"}],"replies":[{"embeddable":true,"href":"https:\/\/www.agp-verneuil.fr\/index.php\/wp-json\/wp\/v2\/comments?post=326"}],"version-history":[{"count":1,"href":"https:\/\/www.agp-verneuil.fr\/index.php\/wp-json\/wp\/v2\/posts\/326\/revisions"}],"predecessor-version":[{"id":328,"href":"https:\/\/www.agp-verneuil.fr\/index.php\/wp-json\/wp\/v2\/posts\/326\/revisions\/328"}],"wp:attachment":[{"href":"https:\/\/www.agp-verneuil.fr\/index.php\/wp-json\/wp\/v2\/media?parent=326"}],"wp:term":[{"taxonomy":"category","embeddable":true,"href":"https:\/\/www.agp-verneuil.fr\/index.php\/wp-json\/wp\/v2\/categories?post=326"},{"taxonomy":"post_tag","embeddable":true,"href":"https:\/\/www.agp-verneuil.fr\/index.php\/wp-json\/wp\/v2\/tags?post=326"}],"curies":[{"name":"wp","href":"https:\/\/api.w.org\/{rel}","templated":true}]}}